{"id":1439,"date":"2013-05-23T07:41:31","date_gmt":"2013-05-23T06:41:31","guid":{"rendered":"http:\/\/eguiluz.net\/?p=1439"},"modified":"2019-06-07T10:54:42","modified_gmt":"2019-06-07T08:54:42","slug":"custodia-compartida-ya-era-hora","status":"publish","type":"post","link":"https:\/\/www.eguiluz.info\/index.php\/2013\/05\/23\/custodia-compartida-ya-era-hora\/","title":{"rendered":"Custodia compartida: ya era hora, \u00bfno?"},"content":{"rendered":"<p>A pesar del rid\u00edculo porcentaje de custodias compartidas existentes (en casi todas las referencias que he encontrado no llega al 10%), parece que hay algunas luces al final del t\u00fanel. Por fin <a title=\"EPD: El Supremo defiende la custodia compartida como \u201cmejor soluci\u00f3n\u201d\" href=\"http:\/\/sociedad.elpais.com\/sociedad\/2013\/05\/22\/actualidad\/1369250664_442492.html\" target=\"_blank\" rel=\"noopener noreferrer\">el Tribunal Supremo define como \u00abnormal e incluso deseable\u00bb<\/a> la custodia compartida frente a cualquier otra figura. \u00a1Bien!<!--more--><\/p>\n<p><a href=\"http:\/\/eguiluz.info\/wp-content\/uploads\/2019\/06\/custodiacompartida.jpg\"><img decoding=\"async\" class=\"aligncenter size-full wp-image-1440\" title=\"custodiacompartida\" src=\"http:\/\/eguiluz.info\/wp-content\/uploads\/2019\/06\/custodiacompartida.jpg\" alt=\"\" width=\"261\" height=\"347\"><\/a>No tengo mucha energ\u00eda para enrollarme ahora con este tema, del que se escriben libros y tesis doctorales. Simplemente aprovecho para comentar que me cuesta entender por qu\u00e9 es tan dif\u00edcil socializar este concepto: <strong><span style=\"color: #008000;\">la custodia compartida es la situaci\u00f3n m\u00e1s deseable para los hijos, y tambi\u00e9n para los padres, tras un divorcio<\/span><\/strong>.<\/p>\n<p>Esta es mi convicci\u00f3n l\u00f3gica y tambi\u00e9n mi experiencia vital. Y cada vez que hablo con alguien que defiende lo contrario, salvando los casos obvios de padres o madres desequilibrados, enfermos, sin recursos o irresponsables, me suelo encontrar con alguna combinaci\u00f3n sustancial de odio, resentimiento, venganza e inter\u00e9s ego\u00edsta.<\/p>\n<p>Lo cual lleva a aumentar mi sensaci\u00f3n de que hemos creado una sociedad adulta en muchos niveles, pero sigue habiendo en este pa\u00eds muchos adultos que somos <span style=\"color: #0000ff;\">ni\u00f1os emocionales<\/span>. O <span style=\"color: #0000ff;\">enfermos emocionales<\/span>, seg\u00fan como se mire.<\/p>\n<p>Qu\u00e9 importante es sanar ese aprendizaje y desarrollar la consciencia emocional&#8230; qu\u00e9 b\u00e1sicamente, siempre empieza por \u00ab<strong><span style=\"color: #008000;\">yo soy el responsable de mi dolor<\/span><\/strong>\u00ab.<\/p>\n<p>Continuar\u00e1&#8230;&nbsp; \ud83d\ude42<\/p>\n","protected":false},"excerpt":{"rendered":"<p>A pesar del rid\u00edculo porcentaje de custodias compartidas existentes (en casi todas las referencias que he encontrado no llega al 10%), parece que hay algunas luces al final del t\u00fanel. Por fin el Tribunal Supremo define como \u00abnormal e incluso &hellip; <a href=\"https:\/\/www.eguiluz.info\/index.php\/2013\/05\/23\/custodia-compartida-ya-era-hora\/\">Sigue leyendo <span class=\"meta-nav\">&rarr;<\/span><\/a><\/p>\n","protected":false},"author":1,"featured_media":0,"comment_status":"open","ping_status":"open","sticky":false,"template":"","format":"standard","meta":{"_jetpack_memberships_contains_paid_content":false,"footnotes":""},"categories":[10,12],"tags":[],"class_list":["post-1439","post","type-post","status-publish","format-standard","hentry","category-personal-andoni","category-sociedad"],"jetpack_featured_media_url":"","jetpack_sharing_enabled":true,"_links":{"self":[{"href":"https:\/\/www.eguiluz.info\/index.php\/wp-json\/wp\/v2\/posts\/1439","targetHints":{"allow":["GET"]}}],"collection":[{"href":"https:\/\/www.eguiluz.info\/index.php\/wp-json\/wp\/v2\/posts"}],"about":[{"href":"https:\/\/www.eguiluz.info\/index.php\/wp-json\/wp\/v2\/types\/post"}],"author":[{"embeddable":true,"href":"https:\/\/www.eguiluz.info\/index.php\/wp-json\/wp\/v2\/users\/1"}],"replies":[{"embeddable":true,"href":"https:\/\/www.eguiluz.info\/index.php\/wp-json\/wp\/v2\/comments?post=1439"}],"version-history":[{"count":1,"href":"https:\/\/www.eguiluz.info\/index.php\/wp-json\/wp\/v2\/posts\/1439\/revisions"}],"predecessor-version":[{"id":2514,"href":"https:\/\/www.eguiluz.info\/index.php\/wp-json\/wp\/v2\/posts\/1439\/revisions\/2514"}],"wp:attachment":[{"href":"https:\/\/www.eguiluz.info\/index.php\/wp-json\/wp\/v2\/media?parent=1439"}],"wp:term":[{"taxonomy":"category","embeddable":true,"href":"https:\/\/www.eguiluz.info\/index.php\/wp-json\/wp\/v2\/categories?post=1439"},{"taxonomy":"post_tag","embeddable":true,"href":"https:\/\/www.eguiluz.info\/index.php\/wp-json\/wp\/v2\/tags?post=1439"}],"curies":[{"name":"wp","href":"https:\/\/api.w.org\/{rel}","templated":true}]}}