{"id":1816,"date":"2015-03-08T12:00:29","date_gmt":"2015-03-08T11:00:29","guid":{"rendered":"http:\/\/eguiluz.net\/?p=1816"},"modified":"2015-03-08T12:00:29","modified_gmt":"2015-03-08T11:00:29","slug":"igualdad","status":"publish","type":"post","link":"https:\/\/www.eguiluz.info\/index.php\/2015\/03\/08\/igualdad\/","title":{"rendered":"Igualdad"},"content":{"rendered":"<p>La igualdad no es celebrar el 8 de marzo. Querer a la mujer no es ponerle un d\u00eda en el calendario.<br \/>\nEs que tus actos, d\u00eda tras d\u00eda, traten por igual a cada persona, en su valor, en sus esfuerzos, en sus reconocimientos.<br \/>\nEs que tus actos, d\u00eda tras d\u00eda, promuevan la igualdad, denuncien la injusticia, compartan el trabajo y las palabras.<br \/>\nEs que aprendamos a encontrar, respetar, querer y mostrar aquello de femenino, y de masculino, que hay en cada uno de nosotros. Esa composici\u00f3n \u00fanica, mezcla peculiar, de mujer y hombre que cada uno elegimos en la vida.<br \/>\nY respetando y amando todo lo de femenino y masculino que hay en m\u00ed, aprendo a respetar y a amar a todas las mujeres y hombres del planeta. Los que son m\u00e1s conscientes, y los que menos.<\/p>\n<p>La igualdad no ocurre sola. Requiere consciencia, y requiere acci\u00f3n. Hoy es el d\u00eda que nos recuerda esto, para que no se nos olvide el resto del a\u00f1o.<\/p>\n<p style=\"text-align: center;\">Y dicho esto&#8230;<br \/>\n<strong><span style=\"color: #339966;\">Gracias, Mami. <\/span><\/strong><br \/>\n<strong><span style=\"color: #339966;\">Gracias, Maestras. <\/span><\/strong><br \/>\n<strong><span style=\"color: #339966;\">Gracias, Amigas. <\/span><\/strong><br \/>\n<strong><span style=\"color: #339966;\">Gracias, Compa\u00f1eras. <\/span><\/strong><br \/>\n<strong><span style=\"color: #339966;\">Gracias, Mujer.<\/span><\/strong><\/p>\n","protected":false},"excerpt":{"rendered":"<p>La igualdad no es celebrar el 8 de marzo. Querer a la mujer no es ponerle un d\u00eda en el calendario. Es que tus actos, d\u00eda tras d\u00eda, traten por igual a cada persona, en su valor, en sus esfuerzos, &hellip; <a href=\"https:\/\/www.eguiluz.info\/index.php\/2015\/03\/08\/igualdad\/\">Sigue leyendo <span class=\"meta-nav\">&rarr;<\/span><\/a><\/p>\n","protected":false},"author":1,"featured_media":0,"comment_status":"open","ping_status":"open","sticky":false,"template":"","format":"standard","meta":{"_jetpack_memberships_contains_paid_content":false,"footnotes":""},"categories":[10],"tags":[],"class_list":["post-1816","post","type-post","status-publish","format-standard","hentry","category-personal-andoni"],"jetpack_featured_media_url":"","jetpack_sharing_enabled":true,"_links":{"self":[{"href":"https:\/\/www.eguiluz.info\/index.php\/wp-json\/wp\/v2\/posts\/1816","targetHints":{"allow":["GET"]}}],"collection":[{"href":"https:\/\/www.eguiluz.info\/index.php\/wp-json\/wp\/v2\/posts"}],"about":[{"href":"https:\/\/www.eguiluz.info\/index.php\/wp-json\/wp\/v2\/types\/post"}],"author":[{"embeddable":true,"href":"https:\/\/www.eguiluz.info\/index.php\/wp-json\/wp\/v2\/users\/1"}],"replies":[{"embeddable":true,"href":"https:\/\/www.eguiluz.info\/index.php\/wp-json\/wp\/v2\/comments?post=1816"}],"version-history":[{"count":0,"href":"https:\/\/www.eguiluz.info\/index.php\/wp-json\/wp\/v2\/posts\/1816\/revisions"}],"wp:attachment":[{"href":"https:\/\/www.eguiluz.info\/index.php\/wp-json\/wp\/v2\/media?parent=1816"}],"wp:term":[{"taxonomy":"category","embeddable":true,"href":"https:\/\/www.eguiluz.info\/index.php\/wp-json\/wp\/v2\/categories?post=1816"},{"taxonomy":"post_tag","embeddable":true,"href":"https:\/\/www.eguiluz.info\/index.php\/wp-json\/wp\/v2\/tags?post=1816"}],"curies":[{"name":"wp","href":"https:\/\/api.w.org\/{rel}","templated":true}]}}