{"id":1964,"date":"2016-02-23T16:56:56","date_gmt":"2016-02-23T15:56:56","guid":{"rendered":"http:\/\/eguiluz.net\/?p=1964"},"modified":"2019-06-07T14:14:11","modified_gmt":"2019-06-07T12:14:11","slug":"nuria-oliver-nuestra-mujer-tecnologa-del-ano","status":"publish","type":"post","link":"https:\/\/www.eguiluz.info\/index.php\/2016\/02\/23\/nuria-oliver-nuestra-mujer-tecnologa-del-ano\/","title":{"rendered":"Nuria Oliver, nuestra mujer tecn\u00f3loga del a\u00f1o"},"content":{"rendered":"<p>Ya tenemos premio Ada Byron 2016: Nuria Oliver, directora cient\u00edfica de Telef\u00f3nica I+D.<\/p>\n<p>\u00a1Enhorabuena!&nbsp; A ella y a las otras 46 mujeres candidatas.<\/p>\n<p>Os dejo con <a href=\"http:\/\/cadenaser.com\/emisora\/2016\/02\/22\/radio_bilbao\/1456148328_574787.html\">un entrevista en la Ser<\/a> que le acaba de realizar Azul Tejerina, junto a nuestra amiga y compa\u00f1era Lorena Fern\u00e1ndez.<\/p>\n<p><a href=\"http:\/\/eguiluz.info\/wp-content\/uploads\/2019\/06\/NuriaOliver.jpg\"><img decoding=\"async\" class=\"aligncenter size-full wp-image-1965\" title=\"NuriaOliver\" src=\"http:\/\/eguiluz.info\/wp-content\/uploads\/2019\/06\/NuriaOliver.jpg\" alt=\"\" width=\"770\" height=\"433\"><\/a><\/p>\n","protected":false},"excerpt":{"rendered":"<p>Ya tenemos premio Ada Byron 2016: Nuria Oliver, directora cient\u00edfica de Telef\u00f3nica I+D. \u00a1Enhorabuena!&nbsp; A ella y a las otras 46 mujeres candidatas. Os dejo con un entrevista en la Ser que le acaba de realizar Azul Tejerina, junto a &hellip; <a href=\"https:\/\/www.eguiluz.info\/index.php\/2016\/02\/23\/nuria-oliver-nuestra-mujer-tecnologa-del-ano\/\">Sigue leyendo <span class=\"meta-nav\">&rarr;<\/span><\/a><\/p>\n","protected":false},"author":1,"featured_media":0,"comment_status":"open","ping_status":"open","sticky":false,"template":"","format":"standard","meta":{"_jetpack_memberships_contains_paid_content":false,"footnotes":""},"categories":[10],"tags":[],"class_list":["post-1964","post","type-post","status-publish","format-standard","hentry","category-personal-andoni"],"jetpack_featured_media_url":"","jetpack_sharing_enabled":true,"_links":{"self":[{"href":"https:\/\/www.eguiluz.info\/index.php\/wp-json\/wp\/v2\/posts\/1964","targetHints":{"allow":["GET"]}}],"collection":[{"href":"https:\/\/www.eguiluz.info\/index.php\/wp-json\/wp\/v2\/posts"}],"about":[{"href":"https:\/\/www.eguiluz.info\/index.php\/wp-json\/wp\/v2\/types\/post"}],"author":[{"embeddable":true,"href":"https:\/\/www.eguiluz.info\/index.php\/wp-json\/wp\/v2\/users\/1"}],"replies":[{"embeddable":true,"href":"https:\/\/www.eguiluz.info\/index.php\/wp-json\/wp\/v2\/comments?post=1964"}],"version-history":[{"count":1,"href":"https:\/\/www.eguiluz.info\/index.php\/wp-json\/wp\/v2\/posts\/1964\/revisions"}],"predecessor-version":[{"id":2570,"href":"https:\/\/www.eguiluz.info\/index.php\/wp-json\/wp\/v2\/posts\/1964\/revisions\/2570"}],"wp:attachment":[{"href":"https:\/\/www.eguiluz.info\/index.php\/wp-json\/wp\/v2\/media?parent=1964"}],"wp:term":[{"taxonomy":"category","embeddable":true,"href":"https:\/\/www.eguiluz.info\/index.php\/wp-json\/wp\/v2\/categories?post=1964"},{"taxonomy":"post_tag","embeddable":true,"href":"https:\/\/www.eguiluz.info\/index.php\/wp-json\/wp\/v2\/tags?post=1964"}],"curies":[{"name":"wp","href":"https:\/\/api.w.org\/{rel}","templated":true}]}}