{"id":1986,"date":"2016-04-11T06:25:24","date_gmt":"2016-04-11T05:25:24","guid":{"rendered":"http:\/\/eguiluz.net\/?p=1986"},"modified":"2016-04-11T06:25:24","modified_gmt":"2016-04-11T05:25:24","slug":"los-males-del-dar","status":"publish","type":"post","link":"https:\/\/www.eguiluz.info\/index.php\/2016\/04\/11\/los-males-del-dar\/","title":{"rendered":"Los males del dar"},"content":{"rendered":"<p>Ya sab\u00e9is que soy muy fan de Joan Garriga&#8230; a veces me hace descubrir cosas, a veces ley\u00e9ndolo me doy cuenta de cu\u00e1nto de acuerdo estoy con \u00e9l. Es curioso c\u00f3mo hay personas con las que se coincide tanto en maneras de entender&#8230;<\/p>\n<p>En este caso, entender las relaciones. En nuestra visi\u00f3n de extremos, a veces parece que las personas somos demasiado ego\u00edstas y por eso las relaciones no funcionan. Entonces hay quien se pone a dar, dar y dar al otro como \u00absoluci\u00f3n\u00bb. Y eso no soluciona nada. No se trata de dar en exceso, se trata de equilibrios. Creo que la pareja, la amistad en general, e incluso la relaci\u00f3n con uno mismo, son caminos de <strong><span style=\"color: #008000;\">equilibrio entre dar y recibir<\/span><\/strong>. Cito un extracto del libro de Joan \u00abEl buen amor en la pareja\u00bb que aparece en <a href=\"https:\/\/www.facebook.com\/joangarrigabacardi\" target=\"_blank\" rel=\"noopener noreferrer\">su p\u00e1gina de facebook<\/a>:<\/p>\n<p><em>\u00abA veces, por amor a la pareja, uno da un poco m\u00e1s que el otro, con lo cual \u00e9ste corre el riesgo de quedar m\u00e1s peque\u00f1o. Por eso tambi\u00e9n puede ser aconsejable que, por genuino amor, se d\u00e9 un poco menos, en funci\u00f3n de lo que el otro puede recibir y devolver dentro de sus posibilidades.<\/em><br \/>\n<em> Conviene cuidar bien de este asunto y evitar lo que podr\u00edamos llamar \u00ablos males del dar\u00bb. Si uno da mucho y el otro puede recibir o devolver poco (aunque tal vez exija mucho), se crea frustraci\u00f3n y desigualdad, y entonces en un sentido profundo puede que ya no haya pareja, que falte la paridad.\u00bb<\/em><\/p>\n","protected":false},"excerpt":{"rendered":"<p>Ya sab\u00e9is que soy muy fan de Joan Garriga&#8230; a veces me hace descubrir cosas, a veces ley\u00e9ndolo me doy cuenta de cu\u00e1nto de acuerdo estoy con \u00e9l. Es curioso c\u00f3mo hay personas con las que se coincide tanto en &hellip; <a href=\"https:\/\/www.eguiluz.info\/index.php\/2016\/04\/11\/los-males-del-dar\/\">Sigue leyendo <span class=\"meta-nav\">&rarr;<\/span><\/a><\/p>\n","protected":false},"author":1,"featured_media":0,"comment_status":"open","ping_status":"open","sticky":false,"template":"","format":"standard","meta":{"_jetpack_memberships_contains_paid_content":false,"footnotes":""},"categories":[10],"tags":[],"class_list":["post-1986","post","type-post","status-publish","format-standard","hentry","category-personal-andoni"],"jetpack_featured_media_url":"","jetpack_sharing_enabled":true,"_links":{"self":[{"href":"https:\/\/www.eguiluz.info\/index.php\/wp-json\/wp\/v2\/posts\/1986","targetHints":{"allow":["GET"]}}],"collection":[{"href":"https:\/\/www.eguiluz.info\/index.php\/wp-json\/wp\/v2\/posts"}],"about":[{"href":"https:\/\/www.eguiluz.info\/index.php\/wp-json\/wp\/v2\/types\/post"}],"author":[{"embeddable":true,"href":"https:\/\/www.eguiluz.info\/index.php\/wp-json\/wp\/v2\/users\/1"}],"replies":[{"embeddable":true,"href":"https:\/\/www.eguiluz.info\/index.php\/wp-json\/wp\/v2\/comments?post=1986"}],"version-history":[{"count":0,"href":"https:\/\/www.eguiluz.info\/index.php\/wp-json\/wp\/v2\/posts\/1986\/revisions"}],"wp:attachment":[{"href":"https:\/\/www.eguiluz.info\/index.php\/wp-json\/wp\/v2\/media?parent=1986"}],"wp:term":[{"taxonomy":"category","embeddable":true,"href":"https:\/\/www.eguiluz.info\/index.php\/wp-json\/wp\/v2\/categories?post=1986"},{"taxonomy":"post_tag","embeddable":true,"href":"https:\/\/www.eguiluz.info\/index.php\/wp-json\/wp\/v2\/tags?post=1986"}],"curies":[{"name":"wp","href":"https:\/\/api.w.org\/{rel}","templated":true}]}}