{"id":2109,"date":"2016-06-27T10:27:32","date_gmt":"2016-06-27T09:27:32","guid":{"rendered":"http:\/\/eguiluz.net\/?p=1994"},"modified":"2019-06-07T14:15:44","modified_gmt":"2019-06-07T12:15:44","slug":"el-voto-del-miedo-los-extremos-se-tocan","status":"publish","type":"post","link":"https:\/\/www.eguiluz.info\/index.php\/2016\/06\/27\/el-voto-del-miedo-los-extremos-se-tocan\/","title":{"rendered":"El voto del miedo: \u00bflos extremos se tocan?"},"content":{"rendered":"<p>Es habitual que no sepamos leer ni entender los n\u00fameros, y que los analistas y pol\u00edticos los manejen a su antojo. Al menos ahora que tenemos acceso a los datos originales, con un poco de tiempo y consciencia podemos hacer nuestros propios an\u00e1lisis.<\/p>\n<p>Aqu\u00ed va el m\u00edo. Las elecciones de ayer han sido un impresionante reflejo del <strong>voto del miedo<\/strong>. El miedo al cambio, a salir de la zona de confort, el \u00abvirgencita que me quede como estoy\u00bb. \u00bfCu\u00e1nto ha influido el Brexit el voto del 26-J en Espa\u00f1a? Apuesto a que bastante, aunque nunca lo sabremos a ciencia cierta&#8230; (penosas las aproximaciones a la realidad de las encuestas, oye).<\/p>\n<p>He tomado los votos por comunidades aut\u00f3nomas de los partidos con representaci\u00f3n parlamentaria, y agrupado los votos de Podemos+IU con respecto a las anteriores elecciones del 20-D. Y me quedo con algunas conclusiones que hoy no estoy leyendo demasiado claras en prensa. Si corregimos el n\u00famero de votos con la bajada de participaci\u00f3n en cada autonom\u00eda y comparamos los votos de los 4 principales partidos en estas \u00faltimas dos elecciones, nos encontramos que en solo 6 meses&#8230;<\/p>\n<ol>\n<li>El <strong>PP sube pr\u00e1cticamente un mill\u00f3n de votos<\/strong> (los 670.000 obvios, m\u00e1s los 300.000 que deber\u00eda haber perdido por la bajada de participaci\u00f3n), un 4,1%.<\/li>\n<li>El PSOE <strong>no pierde votos, los gana. <\/strong>Unos 120.000, un 0,5%. A pesar de que la ley electoral y las circunscripciones le perjudican y pierde algunos esca\u00f1os. O sea, el miedo hacer <strong>volver al bipartidismo<\/strong>. Los dos partidos cl\u00e1sicos suben lo que baja \u00abla nueva pol\u00edtica\u00bb (aunque no de la forma esperada).<\/li>\n<li>Unidos Podemos sufre el gran batacazo <strong>perdiendo m\u00e1s de 800.000 votos<\/strong> (m\u00e1s de un mill\u00f3n de personas han retirado su voto a P+IU), un 3,6%. UP <strong>solo gana voto en Euskadi<\/strong>, un m\u00edsero -a\u00fan as\u00ed- 0,1%. Se mantiene casi igual en Navarra y en Catalunya. Desciende un 4-5% en las comunidades donde se juega la mayor tostada (Madrid, Andaluc\u00eda, Castilla-Le\u00f3n, Valencia, Galicia&#8230;). <strong>Todo lo que se habr\u00eda ganado con la uni\u00f3n de Podemos e IU en diciembre se ha pulverizado en el voto de estas elecciones<\/strong>.<\/li>\n<li>Ciudadanos se mantiene m\u00e1s de lo que parece, perdiendo solo un 1% (unos 240.000 votos).<\/li>\n<\/ol>\n<p>Esta es la gr\u00e1fica de la ganancia\/p\u00e9rdida porcentual de votos por comunidades.<\/p>\n<p><a href=\"http:\/\/eguiluz.info\/wp-content\/uploads\/2019\/06\/Elvotodelmiedo-1.jpg\" rel=\"attachment wp-att-1998\"><img decoding=\"async\" class=\"aligncenter size-large wp-image-1998\" src=\"http:\/\/eguiluz.info\/wp-content\/uploads\/2019\/06\/Elvotodelmiedo-1.jpg\" alt=\"Elvotodelmiedo\" width=\"640\" height=\"269\"><\/a><\/p>\n<p>Y en este gr\u00e1fico, teniendo en cuenta el eje del 0% central, se observa una tendencia peculiar, poco aparente en los resultados por esca\u00f1os y dif\u00edcil de explicar en el corto alcance: el PSOE gana en la pr\u00e1ctica misma medida en que pierde Ciudadanos, <strong>y el PP gana lo que pierde UP <\/strong>(unas d\u00e9cimas m\u00e1s). \u00bfLos extremos se tocan?<\/p>\n<p>En lo estrictamente personal y dentro de mi manifestada ausencia de identificaci\u00f3n patri\u00f3tica (con ninguna patria), hoy estoy m\u00e1s orgulloso que nunca de ser vasco, y m\u00e1s decepcionado que nunca de ser espa\u00f1ol (espero con ganas que alguien me explique por qu\u00e9 cuando por fin las izquierdas se unen, los electores de izquierdas lo castigan). Partidarios de la independencia vasca, est\u00e1is a punto de ganar un nuevo e inesperado votante&#8230;<\/p>\n<p>PS<br \/>\nY para otro d\u00eda (hoy no tengo \u00e1nimos), el an\u00e1lisis por edades de votantes. En este pa\u00eds tambi\u00e9n las personas mayores condicionan el futuro de los j\u00f3venes. Escoceses, londinenses, c\u00f3mo os entiendo&#8230;<\/p>\n<p>PS2<br \/>\nY en ese intercambio extra\u00f1o PP vs Podemos, PSOE vs C&#8217;s, la izquierda pierde ochocientos mil votos&#8230; debemos tener una izquierda tan centrada tan centrada que no le cuesta irse a la derecha; tan pasiva tan pasiva que no le importa abstenerse cuando m\u00e1s oportunidad tiene.<\/p>\n<p>PS3<br \/>\nY para mis muchos amigos del PNV, un consuelo que no estoy leyendo ni en el DEIA. El PNV no pierde votos, los gana. Un 0,2% o as\u00ed. <a href=\"http:\/\/www.elmundotoday.com\/2016\/05\/los-vascos-anaden-una-piedra-al-alfabeto\/\" target=\"_blank\" rel=\"noopener noreferrer\">Menos da una piedra<\/a>&#8230; \ud83d\ude42<\/p>\n","protected":false},"excerpt":{"rendered":"<p>Es habitual que no sepamos leer ni entender los n\u00fameros, y que los analistas y pol\u00edticos los manejen a su antojo. Al menos ahora que tenemos acceso a los datos originales, con un poco de tiempo y consciencia podemos hacer &hellip; <a href=\"https:\/\/www.eguiluz.info\/index.php\/2016\/06\/27\/el-voto-del-miedo-los-extremos-se-tocan\/\">Sigue leyendo <span class=\"meta-nav\">&rarr;<\/span><\/a><\/p>\n","protected":false},"author":1,"featured_media":0,"comment_status":"open","ping_status":"open","sticky":false,"template":"","format":"standard","meta":{"_jetpack_memberships_contains_paid_content":false,"footnotes":""},"categories":[10],"tags":[],"class_list":["post-2109","post","type-post","status-publish","format-standard","hentry","category-personal-andoni"],"jetpack_featured_media_url":"","jetpack_sharing_enabled":true,"_links":{"self":[{"href":"https:\/\/www.eguiluz.info\/index.php\/wp-json\/wp\/v2\/posts\/2109","targetHints":{"allow":["GET"]}}],"collection":[{"href":"https:\/\/www.eguiluz.info\/index.php\/wp-json\/wp\/v2\/posts"}],"about":[{"href":"https:\/\/www.eguiluz.info\/index.php\/wp-json\/wp\/v2\/types\/post"}],"author":[{"embeddable":true,"href":"https:\/\/www.eguiluz.info\/index.php\/wp-json\/wp\/v2\/users\/1"}],"replies":[{"embeddable":true,"href":"https:\/\/www.eguiluz.info\/index.php\/wp-json\/wp\/v2\/comments?post=2109"}],"version-history":[{"count":1,"href":"https:\/\/www.eguiluz.info\/index.php\/wp-json\/wp\/v2\/posts\/2109\/revisions"}],"predecessor-version":[{"id":2572,"href":"https:\/\/www.eguiluz.info\/index.php\/wp-json\/wp\/v2\/posts\/2109\/revisions\/2572"}],"wp:attachment":[{"href":"https:\/\/www.eguiluz.info\/index.php\/wp-json\/wp\/v2\/media?parent=2109"}],"wp:term":[{"taxonomy":"category","embeddable":true,"href":"https:\/\/www.eguiluz.info\/index.php\/wp-json\/wp\/v2\/categories?post=2109"},{"taxonomy":"post_tag","embeddable":true,"href":"https:\/\/www.eguiluz.info\/index.php\/wp-json\/wp\/v2\/tags?post=2109"}],"curies":[{"name":"wp","href":"https:\/\/api.w.org\/{rel}","templated":true}]}}