{"id":2143,"date":"2017-09-24T13:33:50","date_gmt":"2017-09-24T12:33:50","guid":{"rendered":"http:\/\/eguiluz.net\/?p=2143"},"modified":"2019-06-07T14:28:55","modified_gmt":"2019-06-07T12:28:55","slug":"7-millones-de-divorcios","status":"publish","type":"post","link":"https:\/\/www.eguiluz.info\/index.php\/2017\/09\/24\/7-millones-de-divorcios\/","title":{"rendered":"7 millones de divorcios"},"content":{"rendered":"<p><a href=\"http:\/\/eguiluz.info\/wp-content\/uploads\/2019\/06\/catheart.png\"><img decoding=\"async\" class=\"aligncenter size-medium wp-image-2144\" src=\"http:\/\/eguiluz.info\/wp-content\/uploads\/2019\/06\/catheart.png\" alt=\"\" width=\"300\" height=\"245\"><\/a><br \/>\nMe apena y preocupa o\u00edr y leer tantos juicios sesgados y tantas opiniones sin consciencia ni empat\u00eda. \u00bfTan poco hemos aprendido de nuestra historia? \u00bfTanto nos falta por evolucionar?<\/p>\n<p>Esa met\u00e1fora de \u00abque Catalu\u00f1a se separe de Espa\u00f1a es como un divorcio: con que una parte quiera tiene que permitirse\u00bb no me vale, porque no es adecuada. Lo adecuado es que son 7 millones y medio de divorcios donde la decisi\u00f3n debe ser que <strong>o todos se divorcian o no se divorcia ninguno<\/strong>, en una realidad en la que m\u00e1s o menos la mitad quieren y la mitad no (dependiendo de c\u00f3mo, cu\u00e1ndo y qu\u00e9 se les pregunte en el acuerdo de divorcio). Y si nos imaginamos esa met\u00e1fora entendemos lo complejo y lo GRAVE de una decisi\u00f3n como una independencia.<\/p>\n<p>Se pone mucho el ejemplo canadiense pero se conoce poco. Aqu\u00ed un <a href=\"https:\/\/elpais.com\/elpais\/2017\/09\/13\/opinion\/1505327442_678989.html\">buen resumen<\/a>. Hasta en los pa\u00edses y sociedades evolucionadas la independencia es un problema con muchos matices. Y requiere mucha apertura de mente y mucho <strong><span style=\"color: #0000ff;\">sentido com\u00fan<\/span><\/strong>. Sentido com\u00fan como el que nos est\u00e1 faltando a raudales aqu\u00ed, tanto en el Govern, como en el Gobierno, como en muchos de los que nadan a dos aguas.<\/p>\n<p>As\u00ed que sin ser ning\u00fan experto ni pretender en absoluto tener la verdad o la raz\u00f3n, simplemente aporto mis creencias actuales sobre lo que para m\u00ed es sentido com\u00fan.<\/p>\n<p>1.- Catalu\u00f1a, o Euskadi, <span style=\"color: #0000ff;\">S\u00cd son diferentes<\/span>. No hay que remontarse a la Historia: solo hay que ver los resultados de las \u00faltimas elecciones generales. Ser diferentes no justifica por s\u00ed la independencia, pero partamos del reconocimiento y aceptaci\u00f3n de la diferencia, porque es fundamental para avanzar en el proceso.<br \/>\n2.- <strong><span style=\"color: #008000;\">Un sentir mayoritario en un pueblo debe ser escuchado y respetado<\/span><\/strong>, haya la base legal que haya. Si la base no lo permite, c\u00e1mbiese la base y c\u00e1mbiese ya. (La Ley no es un absoluto: puede y debe evolucionar; me hace mucha -triste- gracia que el rey defienda lo absoluto de la Ley en el 40 aniversario de una fecha en la que precisamente se rompi\u00f3 la Ley anterior existente)<br \/>\n3.- <strong><span style=\"color: #008000;\">Una decisi\u00f3n que va afectar a generaciones debe construirse con una mayor\u00eda amplia y contrastada<\/span><\/strong>. Eso no puede ser un 50,1% con una participaci\u00f3n del 30%. Probablemente podr\u00edamos pensar en una mayor\u00eda cualificada, una diferencia sustancial (&gt;10%) y\/o una permanencia temporal (mayor\u00eda sostenida en 2 o 3 votaciones espaciadas unos a\u00f1os).<br \/>\n4.- Una decisi\u00f3n tan importante debe plantearse con <span style=\"color: #0000ff;\">preguntas claras, concisas y diferenciadas<\/span>. Yo no quiero la independencia, pero s\u00ed la Rep\u00fablica: no me mezcles las dos cosas en la misma pregunta. No me manipules.<br \/>\n5.- Una decisi\u00f3n <strong>tan trascendente<\/strong> como una independencia <strong><span style=\"color: #0000ff;\">no debe realizarse por la puerta de atr\u00e1s<\/span><\/strong> y a todo correr (es obvia la prisa que tiene la Generalitat en aprovechar su exigua mayor\u00eda, al igual que es obvio el miedo que tiene el Gobierno Central a que se vote, sea lo que sea eso). Necesita tiempo y espacio. Proclamar la independencia unilateral en el minuto 1 post 1-O es una <strong>irresponsabilidad hist\u00f3rica.<\/strong><br \/>\n6.- Siempre merece la pena <strong><span style=\"color: #008000;\">explorar espacios intermedios<\/span><\/strong>, especialmente en un contexto con tanta ruptura y tanta divisi\u00f3n. La sabidur\u00eda ante el empecinamiento de los extremos suele estar en el equilibrio de los lugares intermedios. La \u00abv\u00eda vasca\u00bb parece un camino bastante l\u00f3gico; una vivencia plena de las posibilidades del Estatuto de Autonom\u00eda quiz\u00e1s ser\u00eda un mucho mejor lugar desde el que reflexionar sobre la Independencia (para ir a un lugar extremo desconocido, pasar antes por un lugar intermedio conocido: entrenarse un poquito, vaya).<br \/>\n7.- <span style=\"color: #008000;\">Una pol\u00edtica que explota la manipulaci\u00f3n psicol\u00f3gica y emocional<\/span>, consiguiendo apoyos de las tripas y de las reacciones, en lugar de la raz\u00f3n y las respuestas, <span style=\"color: #008000;\"><strong>no es pol\u00edtica<\/strong><\/span>, es m\u00e1s una secta. Que todos los pol\u00edticos responsables de este sinsentido dimitan cuanto antes y den paso a otros m\u00e1s cabales que lo sepan construir mejor.<br \/>\n8.- En cualquier conflicto entre dos, <strong><span style=\"color: #0000ff;\">las culpas son proporcionales a la responsabilidad<\/span><\/strong>. Este problema es m\u00e1s culpa de Rajoy que de Puigdemont, porque Rajoy tiene m\u00e1s responsabilidad y m\u00e1s herramientas que Puigdemont. El abuso de la fuerza es un recurso de los d\u00e9biles y cobardes. Es injusto, y adem\u00e1s es est\u00fapido. \u00bfQu\u00e9 reacci\u00f3n vas a conseguir en la otra parte cuando abusas de ella y le cierras todas las puertas de salida que podr\u00eda tener? Enconamiento, solo enconamiento. (Alucino que en toda Moncloa no haya un solo psic\u00f3logo asesor con dos dedos de frente. Alucino que los jueces y fiscales gestionen extremos y urgencias legales que s\u00f3lo deber\u00edan usarse en caso de peligro inminente contra la vida)<br \/>\n9.- Seamos cr\u00edticos empezando por nosotros mismos: <span style=\"color: #0000ff;\">Unos ciudadanos que permitimos dejarnos manipular as\u00ed y que seguimos manteniendo con nuestros votos a unos gobernantes as\u00ed<\/span> (en los dos bandos) <span style=\"color: #0000ff;\">nos estamos mereciendo lo que tenemos<\/span>. Si queremos mejorar este pa\u00eds, naci\u00f3n, naci\u00f3n de naciones o lo que sea que seamos, empecemos por mirarnos dentro, reflexionar sobre nuestros actos, revisar nuestras creencias, empatizar con los que no piensan como nosotros, y ser consecuentes y responsables con nuestros aut\u00e9nticos superpoderes: lo que compramos, lo que votamos, lo que apoyamos, con lo que nos movilizamos.<\/p>\n<p>\u00bfY qu\u00e9 salidas hay en el momento en que estamos? Est\u00e1n claras, no son tan dif\u00edciles, y las conocemos de sobra en los conflictos que ocurren en el mundo real: Reconocimiento mutuo y negociaci\u00f3n. Rajoy reconoce que hay un sentimiento real en el pueblo catal\u00e1n y acepta negociar c\u00f3mo estudiarlo y canalizarlo, aunque eso implique cambiar la Constituci\u00f3n y permitir que se vote un cambio de estructura. Puigdemont reconoce que hay una legislaci\u00f3n actual que no permite los pasos que se est\u00e1n dando, desmonta las \u00ableyes\u00bb y el refer\u00e9ndum fantasma a cambio de un refer\u00e9ndum legal en un plazo m\u00e1ximo razonable.<\/p>\n<p>Si el cambio no viene por los pol\u00edticos, cosa que me temo va a pasar, los ciudadanos tenemos mil maneras inteligentes de provocar el cambio, y no solo nuestro voto (que tambi\u00e9n). Protesta p\u00fablica, movilizaciones masivas, cartas, escraches, objeci\u00f3n fiscal y un largo etc\u00e9tera. Presionemos a los pol\u00edticos de forma inteligente para que tengan el sentido com\u00fan del que ahora carecen.<\/p>\n<p>Hay un amplio abanico de caminos para conseguir una independencia si el \u00abpueblo\u00bb la quiere. Yo no soy ni creo que ser\u00e9 nacionalista, lo siento como un sinsentido anacr\u00f3nico dirigido por nuestras v\u00edsceras y nuestra memoria gen\u00e9tica, que no atiende a la raz\u00f3n (cooperando se consigue m\u00e1s que confrontando y hay mucha falsedad en el razonamiento econ\u00f3mico que se est\u00e1 vendiendo en Catalunya) ni al coraz\u00f3n (todos los seres tenemos el mismo derecho sin diferencias de etiquetado); no creo en las fronteras, la propiedad ni las patrias; y solo siento razonable la lucha por la naci\u00f3n propia en situaciones reales de opresi\u00f3n y falta de libertades que no se dan aqu\u00ed y hoy: se compara esto mucho con el franquismo y, ay, qu\u00e9 menci\u00f3n tan lamentable. Cu\u00e1nto de mejor es esto que tenemos, con todos sus defectos, que una dictadura militar.<\/p>\n<p>Con todo esto, ser\u00e9 el primero en apoyar a los catalanes\/as en desobediencia civil, en protesta pac\u00edfica, en marchas de cambio. Pero primero los catalanes y catalanas tienen que definir qu\u00e9 quieren&#8230;<\/p>\n<p>Y esta no es la manera.<\/p>\n","protected":false},"excerpt":{"rendered":"<p>Me apena y preocupa o\u00edr y leer tantos juicios sesgados y tantas opiniones sin consciencia ni empat\u00eda. \u00bfTan poco hemos aprendido de nuestra historia? \u00bfTanto nos falta por evolucionar? Esa met\u00e1fora de \u00abque Catalu\u00f1a se separe de Espa\u00f1a es como &hellip; <a href=\"https:\/\/www.eguiluz.info\/index.php\/2017\/09\/24\/7-millones-de-divorcios\/\">Sigue leyendo <span class=\"meta-nav\">&rarr;<\/span><\/a><\/p>\n","protected":false},"author":1,"featured_media":0,"comment_status":"open","ping_status":"open","sticky":false,"template":"","format":"standard","meta":{"_jetpack_memberships_contains_paid_content":false,"footnotes":""},"categories":[10],"tags":[],"class_list":["post-2143","post","type-post","status-publish","format-standard","hentry","category-personal-andoni"],"jetpack_featured_media_url":"","jetpack_sharing_enabled":true,"_links":{"self":[{"href":"https:\/\/www.eguiluz.info\/index.php\/wp-json\/wp\/v2\/posts\/2143","targetHints":{"allow":["GET"]}}],"collection":[{"href":"https:\/\/www.eguiluz.info\/index.php\/wp-json\/wp\/v2\/posts"}],"about":[{"href":"https:\/\/www.eguiluz.info\/index.php\/wp-json\/wp\/v2\/types\/post"}],"author":[{"embeddable":true,"href":"https:\/\/www.eguiluz.info\/index.php\/wp-json\/wp\/v2\/users\/1"}],"replies":[{"embeddable":true,"href":"https:\/\/www.eguiluz.info\/index.php\/wp-json\/wp\/v2\/comments?post=2143"}],"version-history":[{"count":1,"href":"https:\/\/www.eguiluz.info\/index.php\/wp-json\/wp\/v2\/posts\/2143\/revisions"}],"predecessor-version":[{"id":2589,"href":"https:\/\/www.eguiluz.info\/index.php\/wp-json\/wp\/v2\/posts\/2143\/revisions\/2589"}],"wp:attachment":[{"href":"https:\/\/www.eguiluz.info\/index.php\/wp-json\/wp\/v2\/media?parent=2143"}],"wp:term":[{"taxonomy":"category","embeddable":true,"href":"https:\/\/www.eguiluz.info\/index.php\/wp-json\/wp\/v2\/categories?post=2143"},{"taxonomy":"post_tag","embeddable":true,"href":"https:\/\/www.eguiluz.info\/index.php\/wp-json\/wp\/v2\/tags?post=2143"}],"curies":[{"name":"wp","href":"https:\/\/api.w.org\/{rel}","templated":true}]}}