{"id":2182,"date":"2017-10-22T13:37:38","date_gmt":"2017-10-22T12:37:38","guid":{"rendered":"http:\/\/eguiluz.net\/?p=2182"},"modified":"2019-06-07T14:31:16","modified_gmt":"2019-06-07T12:31:16","slug":"a-mis-amigas-y-amigos-catalanes","status":"publish","type":"post","link":"https:\/\/www.eguiluz.info\/index.php\/2017\/10\/22\/a-mis-amigas-y-amigos-catalanes\/","title":{"rendered":"A mis amigas y amigos catalanes"},"content":{"rendered":"<p>Este pasado viernes hemos celebrado 6 a\u00f1os desde el fin de la violencia en Euskadi, desde <a href=\"http:\/\/eguiluz.info\/index.php\/2011\/10\/20\/un-gran-dia\/\">aqu\u00e9l gran d\u00eda<\/a> de 2011.<\/p>\n<p><a href=\"http:\/\/eguiluz.info\/wp-content\/uploads\/2019\/06\/FinETA-20111020.jpg\"><img decoding=\"async\" class=\"aligncenter wp-image-711 size-large\" src=\"http:\/\/eguiluz.info\/wp-content\/uploads\/2019\/06\/FinETA-20111020.jpg\" alt=\"\" width=\"640\" height=\"429\"><\/a>Tengo la suerte de formar parte de un bonito proyecto de memoria hist\u00f3rica en mi casa, as\u00ed que tambi\u00e9n estos d\u00edas estoy refrescando recuerdos y contrastando vivencias y emociones de personas que vivieron, mucho m\u00e1s duramente que yo, las d\u00e9cadas de violencia sin sentido, los a\u00f1os sin libertad, las calles de sangre.<\/p>\n<p>Y desde tantas emociones, dolores y vivencias, es desde donde hoy me apetece hablar con todos los muchos conocidos y amigos que tengo en Catalunya.<\/p>\n<p>Amigo, amiga, por raro que te parezca o\u00edr esto. Vuestra primera misi\u00f3n, vuestra primera tarea, vuestro primer trabajo no es con Madrid o contra Madrid, con Espa\u00f1a o contra Espa\u00f1a. Vuestro primer deber y la principal fuente de peligro y de dolor est\u00e1 ah\u00ed mismo, dentro, entre vosotros catalanes. Siempre es dura la batalla por la libertad de un pueblo (sea cual sea c\u00f3mo entiende eso cada uno). Pero cu\u00e1nto m\u00e1s dura es si el pueblo no existe como un pensamiento \u00fanico, si hay divisi\u00f3n, si hay tanta diversidad de opiniones. Y esta es la realidad catalana, como lo es vasca.<\/p>\n<p>El otro d\u00eda comentaba que independientemente del PP, de la Constituci\u00f3n, y del 155, cu\u00e1nto de distinta ser\u00eda la cuesti\u00f3n catalana si el 1-O hubieran votado que s\u00ed 4 o 4,5 millones de personas. Es un error olvidar o ignorar que hay un gran porcentaje de catalanes que no quieren la v\u00eda independentista. Es un error ignorar que hay un gran porcentaje de catalanes que quer\u00edan el 155.<\/p>\n<p>Para negociar con fuerza, para que los pasos tengan sentido, para que el camino sea compartido e hist\u00f3rico, ese \u00abmandato del pueblo\u00bb que tanto menciona Puigdemont tiene que ser mayoritario, no p\u00edrrico, no con jugarretas, no con trucos. Y si la realidad nos demuestra que no hay suficiente mayor\u00eda, nuestro deber es encontrar el planteamiento en el cual la haya. Que quiz\u00e1s sea la independencia, o no. Que quiz\u00e1s sea la Rep\u00fablica, o no. Pero no podemos imponer unos ideales, por justos que sean o parezcan. Desde mi humilde opini\u00f3n, el mandato del pueblo catal\u00e1n hoy s\u00ed es el derecho a decidir (hay mayor\u00eda amplia). Pero no es la proclamaci\u00f3n de la independencia (hay mucha divisi\u00f3n, y muchas dudas, y muchas verdades contadas a medias, por no decir enga\u00f1os).<\/p>\n<p>La primera democracia siempre empieza por uno mismo. Lo que pedimos en una escala, no debemos ignorarlo en otra. El primer y principal obst\u00e1culo de Catalunya hoy no es el PP ni la Constituci\u00f3n. Es encontrar el mejor camino para Catalunya desde los propios catalanes y desde el realismo, no desde la utop\u00eda (el cambio nunca tiene coste cero). Aqu\u00e9l camino que consiga mayor apoyo, encuentro y acuerdo. Y eso solo lo pod\u00e9is construir vosotros y vosotras, desde dentro.<\/p>\n<p>Porque un colectivo que de verdad se sabe unido, tiene muy pocos l\u00edmites.<\/p>\n<p>Porque ese colectivo sin acuerdos aut\u00e9nticos debilita su fuerza y sus razones.<\/p>\n","protected":false},"excerpt":{"rendered":"<p>Este pasado viernes hemos celebrado 6 a\u00f1os desde el fin de la violencia en Euskadi, desde aqu\u00e9l gran d\u00eda de 2011. Tengo la suerte de formar parte de un bonito proyecto de memoria hist\u00f3rica en mi casa, as\u00ed que tambi\u00e9n &hellip; <a href=\"https:\/\/www.eguiluz.info\/index.php\/2017\/10\/22\/a-mis-amigas-y-amigos-catalanes\/\">Sigue leyendo <span class=\"meta-nav\">&rarr;<\/span><\/a><\/p>\n","protected":false},"author":1,"featured_media":0,"comment_status":"open","ping_status":"open","sticky":false,"template":"","format":"standard","meta":{"_jetpack_memberships_contains_paid_content":false,"footnotes":""},"categories":[10],"tags":[],"class_list":["post-2182","post","type-post","status-publish","format-standard","hentry","category-personal-andoni"],"jetpack_featured_media_url":"","jetpack_sharing_enabled":true,"_links":{"self":[{"href":"https:\/\/www.eguiluz.info\/index.php\/wp-json\/wp\/v2\/posts\/2182","targetHints":{"allow":["GET"]}}],"collection":[{"href":"https:\/\/www.eguiluz.info\/index.php\/wp-json\/wp\/v2\/posts"}],"about":[{"href":"https:\/\/www.eguiluz.info\/index.php\/wp-json\/wp\/v2\/types\/post"}],"author":[{"embeddable":true,"href":"https:\/\/www.eguiluz.info\/index.php\/wp-json\/wp\/v2\/users\/1"}],"replies":[{"embeddable":true,"href":"https:\/\/www.eguiluz.info\/index.php\/wp-json\/wp\/v2\/comments?post=2182"}],"version-history":[{"count":1,"href":"https:\/\/www.eguiluz.info\/index.php\/wp-json\/wp\/v2\/posts\/2182\/revisions"}],"predecessor-version":[{"id":2591,"href":"https:\/\/www.eguiluz.info\/index.php\/wp-json\/wp\/v2\/posts\/2182\/revisions\/2591"}],"wp:attachment":[{"href":"https:\/\/www.eguiluz.info\/index.php\/wp-json\/wp\/v2\/media?parent=2182"}],"wp:term":[{"taxonomy":"category","embeddable":true,"href":"https:\/\/www.eguiluz.info\/index.php\/wp-json\/wp\/v2\/categories?post=2182"},{"taxonomy":"post_tag","embeddable":true,"href":"https:\/\/www.eguiluz.info\/index.php\/wp-json\/wp\/v2\/tags?post=2182"}],"curies":[{"name":"wp","href":"https:\/\/api.w.org\/{rel}","templated":true}]}}