{"id":2193,"date":"2017-12-22T17:23:48","date_gmt":"2017-12-22T16:23:48","guid":{"rendered":"http:\/\/eguiluz.net\/?p=2193"},"modified":"2019-06-07T14:32:15","modified_gmt":"2019-06-07T12:32:15","slug":"ser-regalo","status":"publish","type":"post","link":"https:\/\/www.eguiluz.info\/index.php\/2017\/12\/22\/ser-regalo\/","title":{"rendered":"Ser regalo"},"content":{"rendered":"<p>Viv\u00eda atareado de sitio a sitio mirando al mundo, a las personas y a m\u00ed mismo sin ver m\u00e1s all\u00e1 de las necesidades, los problemas y las gestiones diarias.<\/p>\n<p><!--more-->Y un bendito d\u00eda, Dios (la Vida\/el Universo\/la Providencia\/la Fortuna) me regal\u00f3 el don de la <strong><span style=\"color: #008000;\">contemplaci\u00f3n<\/span><\/strong>. Y me deleit\u00e9 al contemplar la belleza en el mundo, la belleza en los dem\u00e1s, mi propia belleza. Y me sent\u00ed feliz, reconocido y agradecido.<\/p>\n<p>Y aunque a veces me olvido, hago por recordarlo y volver a <span style=\"color: #0000ff;\">encontrar momentos para contemplar<\/span>.<\/p>\n<p>Cre\u00eda ser especial con mi don de la contemplaci\u00f3n, y descubr\u00ed que otros tambi\u00e9n pod\u00edan hacerlo, a menudo mejor, y era fastidioso ya no ser tan especial.<\/p>\n<p>Y un bendito d\u00eda, Dios (la Vida\/el Universo\/la Providencia\/la Fortuna) me regal\u00f3 el don de la <strong><span style=\"color: #008000;\">humildad<\/span><\/strong>. Y disfrut\u00e9 conociendo y aceptando mis l\u00edmites y mis potenciales. Y me sent\u00ed feliz, reconocido y agradecido.<\/p>\n<p>Y aunque a veces me olvido, me esfuerzo en seguir siendo humilde y <span style=\"color: #0000ff;\">saber que no soy m\u00e1s que otros<\/span>, a\u00fan cuando consigo mis peque\u00f1os \u00e9xitos y minutos de gloria.<\/p>\n<p>Con la humildad de no ser m\u00e1s, a menudo miraba y admiraba a otras personas que brillan, que hacen, que valen. Y era triste sentir tanto a lo que yo no llegaba.<\/p>\n<p>Y un bendito d\u00eda, Dios (la Vida\/el Universo\/la Providencia\/la Fortuna) me regal\u00f3 el don de <strong><span style=\"color: #008000;\">compartir<\/span><\/strong>. Y me alegr\u00e9 de tener a tantas personas valiosas con quienes construir mejores presentes. Y me sent\u00ed feliz, reconocido y agradecido.<\/p>\n<p>Y aunque a veces me olvido, me esfuerzo en seguir encontrando <span style=\"color: #0000ff;\">momentos con mis compa\u00f1eras y compa\u00f1eros, amigos y amigas<\/span>.<\/p>\n<p>Con tanta belleza, aceptaci\u00f3n y compa\u00f1\u00eda, me acomod\u00e9 en un sill\u00f3n y me puse a descansar y a pasar los canales de mi tele, y comprar y consumir los productos de sus anuncios.<\/p>\n<p>Y un bendito d\u00eda, Dios (la Vida\/el Universo\/la Providencia\/la Fortuna) me regal\u00f3 el don de la <strong><span style=\"color: #008000;\">responsabilidad<\/span><\/strong>. Y me ocup\u00e9 de hacer algo bueno con cada uno de mis dones, acoger y aprender de cada uno de mis errores, intentar dejar el mundo un poquito mejor que como lo encontr\u00e9 al llegar. Y me sent\u00ed feliz, reconocido y agradecido.<\/p>\n<p>Y aunque a veces me olvido, me esfuerzo en seguir <span style=\"color: #0000ff;\">invirtiendo mis recursos y mis horas en personas, actividades y proyectos que merecen la pena<\/span>.<\/p>\n<p>Tras muchos intentos y esfuerzos por mejorar a m\u00ed y al mundo, a menudo cometo los mismos errores, vuelvo a ver la violencia que no hemos desterrado, vuelvo a encontrar la oscuridad de tanto que nos falta por aprender y cambiar.<\/p>\n<p>Y un bendito d\u00eda, Dios (la Vida\/el Universo\/la Providencia\/la Fortuna) me regal\u00f3 el don de la <strong><span style=\"color: #008000;\">luz<\/span><\/strong>. Y me di cuenta que hasta en los momentos m\u00e1s oscuros, me acompa\u00f1a, me inspira y me gu\u00eda. Y que siempre est\u00e1 disponible y plena, para m\u00ed y para los dem\u00e1s. Y me sent\u00ed feliz, reconocido y agradecido.<\/p>\n<p>Pues desde la bella paz de la Contemplaci\u00f3n,<br \/>\na trav\u00e9s de la grandeza de la Humildad,<br \/>\nentre la alegr\u00eda del Compartir,<br \/>\ncon el coraje de la Responsabilidad,<br \/>\nen la inspiradora fuerza de la Luz,<br \/>\n<strong><span style=\"color: #008000;\">y dentro del superpoder del agradecimiento&#8230;<\/span><\/strong><\/p>\n<p><span style=\"color: #0000ff;\">sigo construyendo y amando<\/span>.<\/p>\n<p><span style=\"color: #0000ff;\">Te invito a que sigas construyendo y amando conmigo.<\/span><\/p>\n<p>Cerca o lejos, en <span style=\"color: #008000;\">hermosa resonancia con mi coraz\u00f3n, con el tuyo, y con todos los corazones<\/span> de tantos seres humanos que, con nuestros errores y torpezas, con nuestros proyectos y grandezas, creemos y creamos un presente m\u00e1s solidario, igualitario y justo.<\/p>\n<p>Cuando acabemos de soltar el \u00faltimo gramo de ego, nos daremos cuenta de que todos&nbsp; y todas somos uno, o una.<\/p>\n<p><strong><span style=\"color: #008000;\">Feliz Navidad. Que el a\u00f1o 2018 sea maravilloso para ti, para los tuyos, y para la humanidad.<\/span><\/strong><\/p>\n<p><strong><span style=\"color: #0000ff;\">No pidamos regalo. Luchemos por serlo.<\/span><\/strong><\/p>\n<p><a href=\"http:\/\/eguiluz.info\/wp-content\/uploads\/2019\/06\/ser-regalo.png\"><img decoding=\"async\" class=\"aligncenter size-medium wp-image-2198\" src=\"http:\/\/eguiluz.info\/wp-content\/uploads\/2019\/06\/ser-regalo.png\" alt=\"\" width=\"300\" height=\"205\"><\/a><\/p>\n<p style=\"text-align: center;\"><strong><span style=\"color: #008000;\">Gracias, amiga. Gracias, amigo.<\/span><\/strong><\/p>\n","protected":false},"excerpt":{"rendered":"<p>Viv\u00eda atareado de sitio a sitio mirando al mundo, a las personas y a m\u00ed mismo sin ver m\u00e1s all\u00e1 de las necesidades, los problemas y las gestiones diarias.<\/p>\n","protected":false},"author":1,"featured_media":0,"comment_status":"open","ping_status":"open","sticky":false,"template":"","format":"standard","meta":{"_jetpack_memberships_contains_paid_content":false,"footnotes":""},"categories":[10],"tags":[],"class_list":["post-2193","post","type-post","status-publish","format-standard","hentry","category-personal-andoni"],"jetpack_featured_media_url":"","jetpack_sharing_enabled":true,"_links":{"self":[{"href":"https:\/\/www.eguiluz.info\/index.php\/wp-json\/wp\/v2\/posts\/2193","targetHints":{"allow":["GET"]}}],"collection":[{"href":"https:\/\/www.eguiluz.info\/index.php\/wp-json\/wp\/v2\/posts"}],"about":[{"href":"https:\/\/www.eguiluz.info\/index.php\/wp-json\/wp\/v2\/types\/post"}],"author":[{"embeddable":true,"href":"https:\/\/www.eguiluz.info\/index.php\/wp-json\/wp\/v2\/users\/1"}],"replies":[{"embeddable":true,"href":"https:\/\/www.eguiluz.info\/index.php\/wp-json\/wp\/v2\/comments?post=2193"}],"version-history":[{"count":1,"href":"https:\/\/www.eguiluz.info\/index.php\/wp-json\/wp\/v2\/posts\/2193\/revisions"}],"predecessor-version":[{"id":2592,"href":"https:\/\/www.eguiluz.info\/index.php\/wp-json\/wp\/v2\/posts\/2193\/revisions\/2592"}],"wp:attachment":[{"href":"https:\/\/www.eguiluz.info\/index.php\/wp-json\/wp\/v2\/media?parent=2193"}],"wp:term":[{"taxonomy":"category","embeddable":true,"href":"https:\/\/www.eguiluz.info\/index.php\/wp-json\/wp\/v2\/categories?post=2193"},{"taxonomy":"post_tag","embeddable":true,"href":"https:\/\/www.eguiluz.info\/index.php\/wp-json\/wp\/v2\/tags?post=2193"}],"curies":[{"name":"wp","href":"https:\/\/api.w.org\/{rel}","templated":true}]}}