{"id":2218,"date":"2018-03-02T18:21:35","date_gmt":"2018-03-02T17:21:35","guid":{"rendered":"http:\/\/eguiluz.net\/?p=2218"},"modified":"2019-06-07T14:33:24","modified_gmt":"2019-06-07T12:33:24","slug":"a-las-empresas-a-los-centros-a-las-mentoras-inspira","status":"publish","type":"post","link":"https:\/\/www.eguiluz.info\/index.php\/2018\/03\/02\/a-las-empresas-a-los-centros-a-las-mentoras-inspira\/","title":{"rendered":"A las empresas, a los centros, a las mentoras Inspira"},"content":{"rendered":"<p style=\"text-align: left;\">RAE: inspirar<br \/>\nDel lat. inspir\u0101re &#8216;soplar&#8217;.<br \/>\n(&#8230;)<br \/>\n2. tr. Infundir o hacer nacer en el \u00e1nimo o la mente afectos, ideas, designios, etc.<br \/>\n(&#8230;)<br \/>\n6. prnl. Sentirse motivado por alguien o algo para el desarrollo de la propia creaci\u00f3n.<\/p>\n<p>Queridas mentoras, queridos centros,<\/p>\n<p>Permitidme usar el femenino gen\u00e9rico aunque (a\u00fan) siga sonando raro, y la RAE todav\u00eda no lo permita.<\/p>\n<p>Muchas pud\u00edsteis compartir un ratito ayer con nosotras en el \u00abcierre\u00bb de Inspira 2017-18. Aunque este proyecto realmente *no cierra*. En este momento hay mentoras que siguen trabajando, centros que se apuntan, empresas que abren participaciones, nuevas sedes que se suman por todo el Estado, y la campa\u00f1a del curso que viene que est\u00e1 a punto de abrirse.<\/p>\n<p>Mari Luz se ha dirigido a vosotras todos estos meses para gestionar el d\u00eda a d\u00eda. Hoy me ha cedido el privilegio de escribiros unas l\u00edneas personales, recogiendo algunas sensaciones de ayer y comparti\u00e9ndolas tambi\u00e9n con todas las que no pud\u00edsteis estar.<\/p>\n<p>Por la vida de uno pasan cientos de proyectos. Algunos m\u00e1s cortos, otros m\u00e1s largos. Unos con \u00e9xitos y otros con fracasos. Unos muy aparentes y otros desapercibidos&#8230;<\/p>\n<p>Pero no muchos de esos proyectos tienen \u00abalma\u00bb. Este la tiene.<\/p>\n<p>Para m\u00ed, para nuestro equipo, y s\u00e9 que para muchas de vosotras tambi\u00e9n, este proyecto es un regalo. La vida ir\u00e1 diciendo cu\u00e1nto tiempo m\u00e1s seguir\u00e1 siendo necesario, cu\u00e1nto seguiremos con \u00e9l, cu\u00e1ntas personas pasar\u00e1n y seguir\u00e1n&#8230; nuestra intenci\u00f3n es seguir implicados el tiempo que haga falta. Vuestro compromiso as\u00ed nos lo exige, y as\u00ed lo acogemos con plena responsabilidad.<\/p>\n<p>Sentiros a tantas personas implicadas y compartiendo nuestra\/vuestra pasi\u00f3n y entrega en este proyecto es una pasada. Ser\u00e1 dif\u00edcil reconoceros lo suficiente.<\/p>\n<p>Miles de ni\u00f1as, y de ni\u00f1os, llevan ya una semillita de \u00abInspira\u00bb en sus corazones. Ese es el legado. Ese es el gran motivo por el que seguir trabajando.<\/p>\n<p>Seguimos contando con vosotras mentoras y vosotros centros. Seguid por favor compartiendo con nosotras lo que podemos hacer para mejorar y crecer. No dej\u00e9is de comentarnos todo lo que sint\u00e1is oportuno, y hacednos llegar vuestras cr\u00edticas y dudas. Disculpad nuestros errores. Os mantendremos al tanto.<\/p>\n<p>Mari Luz y yo hemos compartido ya unos cuantos proyectos en esta aventura de equipo que nos lleva juntando un par de d\u00e9cadas. Ninguno es tan especial como este. Es un PLACER co-crear con vosotras mentoras, con vosotros centros.<\/p>\n<p>Ayer hablaba con Esti Le\u00f3n (Innobasque), otra de las almas detr\u00e1s de este proyecto, que somos tan autoexigentes que nos dedicamos a buscar las mejoras y siempre hay fallos por arreglar. Pero que nos debemos invitar tambi\u00e9n a permitirnos un espacio de paz para parar, respirar, y deleitarnos con lo conseguido.<\/p>\n<p>Os invito a todas y todos a \u00abinspirar\u00bb esa hermosa sensaci\u00f3n que hay al observar el resultado y el proceso del trabajo intenso, desde la intenci\u00f3n honesta, con el coraz\u00f3n abierto. Acogiendo tambi\u00e9n con cari\u00f1o todos los miedos, problemas y dudas que hubo, y habr\u00e1, en el camino.<\/p>\n<p>Desde ese&#8230; alimento, seguir impulsando Inspira es nuestra bella responsabilidad.<\/p>\n<p>Gracias por compartir esta aventura. Queridas mentoras, gracias por atreveros a saltar al vac\u00edo.<\/p>\n<p>[Gracias Mari, por la fuerza de liderar estas traves\u00edas. Gracias Lorena, por el coraje de so\u00f1ar. Gracias Iratxe, Oihane, Josuan, por el humilde y constante trabajo entre bambalinas, menos vistoso, pero fundamental.]<\/p>\n<p>Si observ\u00e1is las dos definiciones de \u00abinspirar\u00bb que os pegaba al principio, esta maravillosa palabra integra en una sola las dos acciones m\u00e1s naturales de la vida: dar y recibir: inspiro y me dejo inspirar. Esa es la parad\u00f3jica esencia de este proyecto que compartimos.<\/p>\n<p>\u00c1nimo, un fuerte abrazo y&#8230; sigamos Inspirando(\/nos).<\/p>\n<p style=\"text-align: center;\"><a href=\"http:\/\/eguiluz.info\/wp-content\/uploads\/2019\/06\/inspira201803-muxote-claro.jpg\"><img decoding=\"async\" class=\"aligncenter size-full wp-image-2219\" src=\"http:\/\/eguiluz.info\/wp-content\/uploads\/2019\/06\/inspira201803-muxote-claro.jpg\" alt=\"\" width=\"2628\" height=\"670\"><\/a>by @miryamartola @muxotepotolobat<\/p>\n<p style=\"text-align: center;\"><a href=\"http:\/\/inspirasteam.net\">http:\/\/inspirasteam.net\/<\/a><\/p>\n","protected":false},"excerpt":{"rendered":"<p>RAE: inspirar Del lat. inspir\u0101re &#8216;soplar&#8217;. (&#8230;) 2. tr. Infundir o hacer nacer en el \u00e1nimo o la mente afectos, ideas, designios, etc. (&#8230;) 6. prnl. Sentirse motivado por alguien o algo para el desarrollo de la propia creaci\u00f3n. Queridas &hellip; <a href=\"https:\/\/www.eguiluz.info\/index.php\/2018\/03\/02\/a-las-empresas-a-los-centros-a-las-mentoras-inspira\/\">Sigue leyendo <span class=\"meta-nav\">&rarr;<\/span><\/a><\/p>\n","protected":false},"author":1,"featured_media":0,"comment_status":"open","ping_status":"open","sticky":false,"template":"","format":"standard","meta":{"_jetpack_memberships_contains_paid_content":false,"footnotes":""},"categories":[10],"tags":[],"class_list":["post-2218","post","type-post","status-publish","format-standard","hentry","category-personal-andoni"],"jetpack_featured_media_url":"","jetpack_sharing_enabled":true,"_links":{"self":[{"href":"https:\/\/www.eguiluz.info\/index.php\/wp-json\/wp\/v2\/posts\/2218","targetHints":{"allow":["GET"]}}],"collection":[{"href":"https:\/\/www.eguiluz.info\/index.php\/wp-json\/wp\/v2\/posts"}],"about":[{"href":"https:\/\/www.eguiluz.info\/index.php\/wp-json\/wp\/v2\/types\/post"}],"author":[{"embeddable":true,"href":"https:\/\/www.eguiluz.info\/index.php\/wp-json\/wp\/v2\/users\/1"}],"replies":[{"embeddable":true,"href":"https:\/\/www.eguiluz.info\/index.php\/wp-json\/wp\/v2\/comments?post=2218"}],"version-history":[{"count":1,"href":"https:\/\/www.eguiluz.info\/index.php\/wp-json\/wp\/v2\/posts\/2218\/revisions"}],"predecessor-version":[{"id":2595,"href":"https:\/\/www.eguiluz.info\/index.php\/wp-json\/wp\/v2\/posts\/2218\/revisions\/2595"}],"wp:attachment":[{"href":"https:\/\/www.eguiluz.info\/index.php\/wp-json\/wp\/v2\/media?parent=2218"}],"wp:term":[{"taxonomy":"category","embeddable":true,"href":"https:\/\/www.eguiluz.info\/index.php\/wp-json\/wp\/v2\/categories?post=2218"},{"taxonomy":"post_tag","embeddable":true,"href":"https:\/\/www.eguiluz.info\/index.php\/wp-json\/wp\/v2\/tags?post=2218"}],"curies":[{"name":"wp","href":"https:\/\/api.w.org\/{rel}","templated":true}]}}